{"id":1686,"date":"2011-07-04T00:01:05","date_gmt":"2011-07-03T22:01:05","guid":{"rendered":"http:\/\/sciencetonnante.wordpress.com\/?p=1686"},"modified":"2011-07-04T00:01:05","modified_gmt":"2011-07-03T22:01:05","slug":"out-of-africa-pour-le-langage-aussi","status":"publish","type":"post","link":"https:\/\/scienceetonnante.com\/blog\/2011\/07\/04\/out-of-africa-pour-le-langage-aussi\/","title":{"rendered":"Out of Africa, pour le langage aussi"},"content":{"rendered":"<p style=\"text-align:justify;\"><a href=\"https:\/\/scienceetonnante.com\/blog\/wp-content\/uploads\/2011\/06\/out-of-africa-767095-1.jpg\"><img decoding=\"async\" class=\"alignleft size-medium wp-image-1694 lazyload\" title=\"out-of-africa-767095\" data-src=\"https:\/\/scienceetonnante.com\/blog\/wp-content\/uploads\/2011\/06\/out-of-africa-767095-1.jpg?w=300\" alt=\"\" width=\"300\" height=\"200\" data-srcset=\"https:\/\/scienceetonnante.com\/blog\/wp-content\/uploads\/2011\/06\/out-of-africa-767095-1.jpg 540w, https:\/\/scienceetonnante.com\/blog\/wp-content\/uploads\/2011\/06\/out-of-africa-767095-1-300x200.jpg 300w, https:\/\/scienceetonnante.com\/blog\/wp-content\/uploads\/2011\/06\/out-of-africa-767095-1-270x180.jpg 270w, https:\/\/scienceetonnante.com\/blog\/wp-content\/uploads\/2011\/06\/out-of-africa-767095-1-370x245.jpg 370w\" data-sizes=\"(max-width: 300px) 100vw, 300px\" src=\"data:image\/svg+xml;base64,PHN2ZyB3aWR0aD0iMSIgaGVpZ2h0PSIxIiB4bWxucz0iaHR0cDovL3d3dy53My5vcmcvMjAwMC9zdmciPjwvc3ZnPg==\" style=\"--smush-placeholder-width: 300px; --smush-placeholder-aspect-ratio: 300\/200;\" \/><\/a>Selon le sc\u00e9nario maintenant admis, l&rsquo;<em>Homo Sapiens<\/em> a \u00e9migr\u00e9 d&rsquo;Afrique il y a environ 60 000 ans. Parmi les nombreux \u00e9l\u00e9ments \u00e0 l&rsquo;appui de cette th\u00e8se, il y a le fait que la diversit\u00e9 g\u00e9n\u00e9tique des populations d\u00e9cro\u00eet \u00e0 mesure que l&rsquo;on s&rsquo;\u00e9loigne d&rsquo;Afrique, selon le mod\u00e8le de l&rsquo;<strong>effet fondateur en s\u00e9rie<\/strong>.<\/p>\n<p style=\"text-align:justify;\">Une r\u00e9cente publication parue dans <em>Science<\/em> montre qu&rsquo;il en va de m\u00eame pour la diversit\u00e9 des langues parl\u00e9es dans le monde. Les langues africaines sont ainsi phon\u00e9tiquement bien plus riches que les langues europ\u00e9ennes.<!--more--><\/p>\n<h3 style=\"text-align:justify;\"><a href=\"https:\/\/scienceetonnante.com\/blog\/wp-content\/uploads\/2011\/06\/emergence-human-1.png\"><img decoding=\"async\" class=\"alignright size-full wp-image-1697 lazyload\" title=\"emergence human\" data-src=\"https:\/\/scienceetonnante.com\/blog\/wp-content\/uploads\/2011\/06\/emergence-human-1.png\" alt=\"\" width=\"300\" height=\"334\" data-srcset=\"https:\/\/scienceetonnante.com\/blog\/wp-content\/uploads\/2011\/06\/emergence-human-1.png 300w, https:\/\/scienceetonnante.com\/blog\/wp-content\/uploads\/2011\/06\/emergence-human-1-269x300.png 269w\" data-sizes=\"(max-width: 300px) 100vw, 300px\" src=\"data:image\/svg+xml;base64,PHN2ZyB3aWR0aD0iMSIgaGVpZ2h0PSIxIiB4bWxucz0iaHR0cDovL3d3dy53My5vcmcvMjAwMC9zdmciPjwvc3ZnPg==\" style=\"--smush-placeholder-width: 300px; --smush-placeholder-aspect-ratio: 300\/334;\" \/><\/a>L&rsquo;\u00e9mergence de l&rsquo;homme moderne<\/h3>\n<p style=\"text-align:justify;\">Dans un billet pr\u00e9c\u00e9dent, je vous ai racont\u00e9 que la <a title=\"Aux origines de l\u2019homme : de Lucy \u00e0\u00a0Touma\u00ef\" href=\"https:\/\/scienceetonnante.com\/blog\/2011\/04\/04\/aux-origines-de-lhomme-de-lucy-a-toumai\/\">lign\u00e9e humaine s&rsquo;\u00e9tait s\u00e9par\u00e9e de celle des chimpanz\u00e9s<\/a> il y a environ 6 millions d&rsquo;ann\u00e9es. Mais contrairement \u00e0 ce qu&rsquo;on a pu parfois apprendre \u00e0 l&rsquo;\u00e9cole, l&rsquo;histoire de cette lign\u00e9e n&rsquo;est pas celle de la succession lin\u00e9aire d&rsquo;esp\u00e8ces allant de l&rsquo;australopith\u00e8que jusqu&rsquo;\u00e0 nous. La lign\u00e9e humaine ressemble plut\u00f4t \u00e0 un <strong>buisson d&rsquo;esp\u00e8ces<\/strong>, dont une seule,<em> Homo Sapiens<\/em>, subsiste encore aujourd&rsquo;hui.<\/p>\n<p style=\"text-align:justify;\">Homo sapiens est apparu en Afrique il y a environ 250 000 ans, mais comme l&rsquo;illustre le <a href=\"http:\/\/www.plosbiology.org\/article\/fetchObjectAttachment.action?uri=info%3Adoi%2F10.1371%2Fjournal.pbio.0020340.g005&amp;representation=TIF\" target=\"_blank\" rel=\"noopener\">graphique<\/a> ci-contre <strong>il est loin d&rsquo;\u00eatre le premier \u00e0 avoir quitt\u00e9 le berceau africain.<\/strong> En effet d&rsquo;autres esp\u00e8ces <em>Homo<\/em> avait d\u00e9j\u00e0 entrepris cette aventure il y a presque 2 millions d&rsquo;ann\u00e9es.<\/p>\n<p style=\"text-align:justify;\">Ca n&rsquo;est que r\u00e9cemment, il y a 60 000 ans, qu&rsquo;homo sapiens est \u00e0 son tour sorti d&rsquo;Afrique, pour peu \u00e0 peu supplanter les autres esp\u00e8ces humaines, et coloniser\u00a0 l&rsquo;ensemble des continents.<\/p>\n<p style=\"text-align:justify;\">C&rsquo;est le sc\u00e9nario de l&rsquo;<em>Out Of Africa<\/em>.<\/p>\n<h3 style=\"text-align:justify;\">Migrations et diversit\u00e9 : l&rsquo;effet fondateur<\/h3>\n<p style=\"text-align:justify;\"><a href=\"https:\/\/scienceetonnante.com\/blog\/wp-content\/uploads\/2011\/06\/effet-fondateur1-1.png\"><img decoding=\"async\" class=\"alignright size-full wp-image-1704 lazyload\" title=\"effet fondateur\" data-src=\"https:\/\/scienceetonnante.com\/blog\/wp-content\/uploads\/2011\/06\/effet-fondateur1-1.png\" alt=\"\" width=\"274\" height=\"143\" src=\"data:image\/svg+xml;base64,PHN2ZyB3aWR0aD0iMSIgaGVpZ2h0PSIxIiB4bWxucz0iaHR0cDovL3d3dy53My5vcmcvMjAwMC9zdmciPjwvc3ZnPg==\" style=\"--smush-placeholder-width: 274px; --smush-placeholder-aspect-ratio: 274\/143;\" \/><\/a>L&rsquo;effet fondateur est un ph\u00e9nom\u00e8ne qui explique pourquoi <strong>les migrations g\u00e9ographiques s&rsquo;accompagnent d&rsquo;une perte de diversit\u00e9 g\u00e9n\u00e9tique<\/strong>. Quand une migration se produit \u00e0 partir d&rsquo;une population, elle est souvent le fait d&rsquo;un petit nombre de pionniers, qui emportent avec eux seulement une faible fraction de la diversit\u00e9 g\u00e9n\u00e9tique de leur population d&rsquo;origine. Une fois \u00e9tablis, ils se reproduisent entre eux, et la nouvelle population qu&rsquo;ils vont ainsi engendrer sera moins vari\u00e9e g\u00e9n\u00e9tiquement que celle de d\u00e9part.<\/p>\n<p style=\"text-align:justify;\">Lorsque des migrations ont lieu les unes \u00e0 la suite des autres, on parle d<strong>&lsquo;effet fondateur en s\u00e9rie<\/strong>. Dans ce cas, la diversit\u00e9 g\u00e9n\u00e9tique des populations d\u00e9cro\u00eet au fur et \u00e0 mesure des migrations successives. Le sc\u00e9nario Out Of Africa devrait donc s&rsquo;accompagner d&rsquo;une perte de diversit\u00e9 g\u00e9n\u00e9tique des populations actuelles \u00e0 mesure que l&rsquo;on s&rsquo;\u00e9loigne de l&rsquo;Afrique.<\/p>\n<p style=\"text-align:justify;\"><a href=\"https:\/\/scienceetonnante.com\/blog\/wp-content\/uploads\/2011\/06\/effet-fondateur-en-sc3a9rie-1.png\"><img decoding=\"async\" class=\"aligncenter size-full wp-image-1706 lazyload\" title=\"effet fondateur en s\u00e9rie\" data-src=\"https:\/\/scienceetonnante.com\/blog\/wp-content\/uploads\/2011\/06\/effet-fondateur-en-sc3a9rie-1.png\" alt=\"\" width=\"600\" height=\"134\" data-srcset=\"https:\/\/scienceetonnante.com\/blog\/wp-content\/uploads\/2011\/06\/effet-fondateur-en-sc3a9rie-1.png 600w, https:\/\/scienceetonnante.com\/blog\/wp-content\/uploads\/2011\/06\/effet-fondateur-en-sc3a9rie-1-300x67.png 300w\" data-sizes=\"(max-width: 600px) 100vw, 600px\" src=\"data:image\/svg+xml;base64,PHN2ZyB3aWR0aD0iMSIgaGVpZ2h0PSIxIiB4bWxucz0iaHR0cDovL3d3dy53My5vcmcvMjAwMC9zdmciPjwvc3ZnPg==\" style=\"--smush-placeholder-width: 600px; --smush-placeholder-aspect-ratio: 600\/134;\" \/><\/a><\/p>\n<h3 style=\"text-align:justify;\"><a href=\"https:\/\/scienceetonnante.com\/blog\/wp-content\/uploads\/2011\/06\/genetic-diversity-vs-distance-1.png\"><img decoding=\"async\" class=\"alignright size-full wp-image-1709 lazyload\" title=\"genetic diversity VS distance\" data-src=\"https:\/\/scienceetonnante.com\/blog\/wp-content\/uploads\/2011\/06\/genetic-diversity-vs-distance-1.png\" alt=\"\" width=\"300\" height=\"266\" src=\"data:image\/svg+xml;base64,PHN2ZyB3aWR0aD0iMSIgaGVpZ2h0PSIxIiB4bWxucz0iaHR0cDovL3d3dy53My5vcmcvMjAwMC9zdmciPjwvc3ZnPg==\" style=\"--smush-placeholder-width: 300px; --smush-placeholder-aspect-ratio: 300\/266;\" \/><\/a>Diversit\u00e9 g\u00e9n\u00e9tique<\/h3>\n<p style=\"text-align:justify;\">La diversit\u00e9 g\u00e9n\u00e9tique d&rsquo;une population peut se quantifier, c&rsquo;est ce qu&rsquo;on appelle l&rsquo;<strong>h\u00e9t\u00e9rozygotie<\/strong>. Il s&rsquo;agit en gros de construire un indicateur repr\u00e9sentatif de la diversit\u00e9 des all\u00e8les pr\u00e9sents dans une population donn\u00e9e. Li et al. [1] ont analys\u00e9 le g\u00e9nome de pr\u00e8s de 1000 individus, appartenant \u00e0 une cinquantaine de populations diff\u00e9rentes r\u00e9parties sur le globe. Ils ont alors pu \u00e9tablir une corr\u00e9lation entre la diversit\u00e9 g\u00e9n\u00e9tique de ces populations, et leur distance actuelle \u00e0 l&rsquo;Afrique.<\/p>\n<p style=\"text-align:justify;\">Le graphique ci-contre tir\u00e9 de la publication montre que l&rsquo;<strong>h\u00e9t\u00e9rozygotie d\u00e9croit nettement avec la distance \u00e0 Addis Abbeba<\/strong> (Ethiopie), ce qui supporte l&rsquo;hypoth\u00e8se d&rsquo;un effet fondateur en s\u00e9rie ayant d\u00e9marr\u00e9 en Afrique orientale.<\/p>\n<p style=\"text-align:justify;\">Les auteurs ont \u00e9galement montr\u00e9 que cette d\u00e9croissance de la diversit\u00e9 est <strong>incompatible avec d&rsquo;autres sc\u00e9narios<\/strong>, comme ceux d&rsquo;une apparition d&rsquo;homo sapiens \u00e0 un autre endroit que l&rsquo;Afrique. Le mod\u00e8le de l&rsquo;effet fondateur en s\u00e9rie depuis l&rsquo;Afrique est compatible avec ce que l&rsquo;on sait reconstituer aujourd&rsquo;hui des migrations d&rsquo;<em>homo sapiens<\/em> (<a href=\"http:\/\/en.wikipedia.org\/wiki\/File:Human_spreading_over_history.png\" target=\"_blank\" rel=\"noopener\">source<\/a>) :<\/p>\n<p style=\"text-align:justify;\"><a href=\"https:\/\/scienceetonnante.com\/blog\/wp-content\/uploads\/2011\/06\/human_spreading_over_history-1.png\"><img decoding=\"async\" class=\"aligncenter size-full wp-image-1715 lazyload\" title=\"Human_spreading_over_history\" data-src=\"https:\/\/scienceetonnante.com\/blog\/wp-content\/uploads\/2011\/06\/human_spreading_over_history-1.png\" alt=\"\" width=\"600\" height=\"263\" data-srcset=\"https:\/\/scienceetonnante.com\/blog\/wp-content\/uploads\/2011\/06\/human_spreading_over_history-1.png 1425w, https:\/\/scienceetonnante.com\/blog\/wp-content\/uploads\/2011\/06\/human_spreading_over_history-1-300x132.png 300w, https:\/\/scienceetonnante.com\/blog\/wp-content\/uploads\/2011\/06\/human_spreading_over_history-1-1024x449.png 1024w, https:\/\/scienceetonnante.com\/blog\/wp-content\/uploads\/2011\/06\/human_spreading_over_history-1-768x337.png 768w, https:\/\/scienceetonnante.com\/blog\/wp-content\/uploads\/2011\/06\/human_spreading_over_history-1-1200x526.png 1200w\" data-sizes=\"(max-width: 600px) 100vw, 600px\" src=\"data:image\/svg+xml;base64,PHN2ZyB3aWR0aD0iMSIgaGVpZ2h0PSIxIiB4bWxucz0iaHR0cDovL3d3dy53My5vcmcvMjAwMC9zdmciPjwvc3ZnPg==\" style=\"--smush-placeholder-width: 600px; --smush-placeholder-aspect-ratio: 600\/263;\" \/><\/a><\/p>\n<h3 style=\"text-align:justify;\">Diversit\u00e9 ph\u00e9notypique<\/h3>\n<p style=\"text-align:justify;\">Au del\u00e0 de la diversit\u00e9 g\u00e9n\u00e9tique, il est possible d&rsquo;analyser si l&rsquo;effet fondateur en s\u00e9rie se traduit aussi par une <strong>d\u00e9croissance de la diversit\u00e9 des caract\u00e8res physiques<\/strong>. Manica et al. [2] ont analys\u00e9 la morphologie de 4666 cr\u00e2nes provenant de 105 populations, et dont ils ont mesur\u00e9 37 caract\u00e9ristiques. Ils ont essay\u00e9 de voir si la diversit\u00e9 morphologique de ces cr\u00e2nes supportait l&rsquo;hypoth\u00e8se de l&rsquo;effet fondateur en s\u00e9rie.<\/p>\n<p style=\"text-align:justify;\">Mais dans ce cas les choses sont plus compliqu\u00e9es, puisque l&rsquo;on sait que <strong>le ph\u00e9notype des individus d\u00e9pend de son g\u00e9notype, mais aussi de son environnement.<\/strong> Ils ont ainsi d&rsquo;abord \u00e9tabli que la variabilit\u00e9 de la morphologie cr\u00e2nienne est avant tout corr\u00e9l\u00e9e au climat. Puis apr\u00e8s avoir \u00e9limin\u00e9 cette influence, ils ont pu montrer que cette variabilit\u00e9 est alors relativement bien corr\u00e9l\u00e9e \u00e0 la distance \u00e0 l&rsquo;Afrique, confirmant une fois de plus la th\u00e8se d&rsquo;une origine africaine de l&rsquo;homme moderne.<\/p>\n<h3 style=\"text-align:justify;\">Diversit\u00e9 linguistique<\/h3>\n<p style=\"text-align:justify;\">Il y a quelques semaines, Q. Atkinson de l&rsquo;universit\u00e9 d&rsquo;Auckland a publi\u00e9 [3] une analyse similaire portant sur la diversit\u00e9 phon\u00e9mique des langages, en utilisant le <a href=\"http:\/\/wals.info\/\" target=\"_blank\" rel=\"noopener\">World Atlas of Language Structure<\/a> (WALS). Les <strong>phon\u00e8mes<\/strong> sont en gros les sons \u00e9l\u00e9mentaires associ\u00e9s \u00e0 une langue, ceux que l&rsquo;on repr\u00e9sente \u00e0 l&rsquo;aide de l&rsquo;alphabet phon\u00e9tique.<\/p>\n<p style=\"text-align:justify;\">Il y a en g\u00e9n\u00e9ral plus de phon\u00e8mes que de lettres, puisque certaines lettres peuvent se prononcer de plusieurs mani\u00e8res diff\u00e9rentes, et que certaines combinaisons de lettres peuvent donner des phon\u00e8mes nouveaux (par exemple \u00ab\u00a0ch\u00a0\u00bb).\u00a0On en compte plus ou moins 36 en <a href=\"http:\/\/fr.wikipedia.org\/wiki\/Liste_des_graphies_des_phon%C3%A8mes_du_fran%C3%A7ais\" target=\"_blank\" rel=\"noopener\">fran\u00e7ais<\/a>, mais beaucoup plus dans certaines langues. Le nombre de phon\u00e8mes diff\u00e9rents est une mesure de la diversit\u00e9 du langage.<\/p>\n<p style=\"text-align:justify;\">En analysant 504 langages du WALS, <a href=\"https:\/\/scienceetonnante.com\/blog\/wp-content\/uploads\/2011\/06\/phonemic-vs-distance-1.jpg\"><img decoding=\"async\" class=\"alignright size-medium wp-image-1711 lazyload\" title=\"phonemic vs distance\" data-src=\"https:\/\/scienceetonnante.com\/blog\/wp-content\/uploads\/2011\/06\/phonemic-vs-distance-1.jpg?w=300\" alt=\"\" width=\"240\" height=\"198\" data-srcset=\"https:\/\/scienceetonnante.com\/blog\/wp-content\/uploads\/2011\/06\/phonemic-vs-distance-1.jpg 1800w, https:\/\/scienceetonnante.com\/blog\/wp-content\/uploads\/2011\/06\/phonemic-vs-distance-1-300x249.jpg 300w, https:\/\/scienceetonnante.com\/blog\/wp-content\/uploads\/2011\/06\/phonemic-vs-distance-1-1024x849.jpg 1024w, https:\/\/scienceetonnante.com\/blog\/wp-content\/uploads\/2011\/06\/phonemic-vs-distance-1-768x637.jpg 768w, https:\/\/scienceetonnante.com\/blog\/wp-content\/uploads\/2011\/06\/phonemic-vs-distance-1-1536x1273.jpg 1536w, https:\/\/scienceetonnante.com\/blog\/wp-content\/uploads\/2011\/06\/phonemic-vs-distance-1-370x305.jpg 370w, https:\/\/scienceetonnante.com\/blog\/wp-content\/uploads\/2011\/06\/phonemic-vs-distance-1-1200x995.jpg 1200w\" data-sizes=\"(max-width: 240px) 100vw, 240px\" src=\"data:image\/svg+xml;base64,PHN2ZyB3aWR0aD0iMSIgaGVpZ2h0PSIxIiB4bWxucz0iaHR0cDovL3d3dy53My5vcmcvMjAwMC9zdmciPjwvc3ZnPg==\" style=\"--smush-placeholder-width: 240px; --smush-placeholder-aspect-ratio: 240\/198;\" \/><\/a>Atkinson a pu montrer comme vous pouvez vous y attendre que <strong>la diversit\u00e9 phon\u00e9mique des langages d\u00e9cro\u00eet quand on s&rsquo;\u00e9loigne d&rsquo;Afrique<\/strong>. La corr\u00e9lation (ci-contre) est loin d&rsquo;\u00eatre aussi belle que pour le g\u00e9n\u00f4me, mais comme dans le cas des cr\u00e2nes, d&rsquo;autres facteurs sont aussi responsable de la diversit\u00e9 phon\u00e9mique d&rsquo;un langage, comme la taille de la population qui le pratique.<\/p>\n<p style=\"text-align:justify;\">Une mani\u00e8re int\u00e9ressante de visualiser cet effet, c&rsquo;est de regarder ces types de phon\u00e8mes qu&rsquo;on appelle les tons. Dans certaines langues, dites <strong>langues \u00e0 tons<\/strong>, la hauteur (au sens musical \u00ab\u00a0aigu\/grave\u00a0\u00bb) d&rsquo;un son peut influer sur le sens qu&rsquo;on donne au mot. Difficile \u00e0 imaginer pour nous, puisque le fran\u00e7ais n&rsquo;est pas une langue \u00e0 tons, mais <strong>beaucoup de langues extra-europ\u00e9ennes sont tonales<\/strong> ! Si vous allez sur le site du WALS, vous pouvez par exemple obtenir cette carte, montrant les diff\u00e9rentes langues du monde et leur degr\u00e9 de tonalit\u00e9.<\/p>\n<p style=\"text-align:justify;\"><a href=\"https:\/\/scienceetonnante.com\/blog\/wp-content\/uploads\/2011\/06\/tone-1.png\"><img decoding=\"async\" class=\"aligncenter size-full wp-image-1692 lazyload\" title=\"tone\" data-src=\"https:\/\/scienceetonnante.com\/blog\/wp-content\/uploads\/2011\/06\/tone-1.png\" alt=\"\" width=\"600\" height=\"252\" data-srcset=\"https:\/\/scienceetonnante.com\/blog\/wp-content\/uploads\/2011\/06\/tone-1.png 600w, https:\/\/scienceetonnante.com\/blog\/wp-content\/uploads\/2011\/06\/tone-1-300x126.png 300w\" data-sizes=\"(max-width: 600px) 100vw, 600px\" src=\"data:image\/svg+xml;base64,PHN2ZyB3aWR0aD0iMSIgaGVpZ2h0PSIxIiB4bWxucz0iaHR0cDovL3d3dy53My5vcmcvMjAwMC9zdmciPjwvc3ZnPg==\" style=\"--smush-placeholder-width: 600px; --smush-placeholder-aspect-ratio: 600\/252;\" \/><\/a><\/p>\n<p style=\"text-align:justify;\">On y voit clairement que la plus grande diversit\u00e9 se trouve en Afrique, illustrant que tout comme l&rsquo;homme moderne, <strong>l&rsquo;anc\u00eatre de nos langues est sorti d&rsquo;Afrique<\/strong>.<\/p>\n<p><em>[1 ] J. Z. Li et al., Worldwide Human Relationships Inferred from Genome-Wide Patterns of Variation, Science 319, 1100 (2008)<\/em><\/p>\n<p><em>[2] A. Manica et al., Nature 448, 346 (2007)<\/em><\/p>\n<p><em>[3] Q. Atkinson, Phonemic Diversity Supports a Serial Founder Effect Model of Language Expansion from Africa, Science 332, 346 (2011)<\/em><\/p>\n","protected":false},"excerpt":{"rendered":"<p>Selon le sc\u00e9nario maintenant admis, l&rsquo;Homo Sapiens a \u00e9migr\u00e9 d&rsquo;Afrique il y a environ 60 000 ans. Parmi les nombreux \u00e9l\u00e9ments \u00e0 l&rsquo;appui de cette th\u00e8se, il y a le fait que la diversit\u00e9 g\u00e9n\u00e9tique des populations d\u00e9cro\u00eet \u00e0 mesure que l&rsquo;on s&rsquo;\u00e9loigne d&rsquo;Afrique, selon le mod\u00e8le de l&rsquo;effet fondateur en s\u00e9rie. Une r\u00e9cente publication<\/p>\n","protected":false},"author":1,"featured_media":0,"comment_status":"open","ping_status":"open","sticky":false,"template":"","format":"standard","meta":{"jetpack_post_was_ever_published":false,"_jetpack_newsletter_access":"","_jetpack_dont_email_post_to_subs":false,"_jetpack_newsletter_tier_id":0,"_jetpack_memberships_contains_paywalled_content":false,"_jetpack_memberships_contains_paid_content":false,"footnotes":""},"categories":[7,11],"tags":[35,54],"class_list":{"0":"post-1686","1":"post","2":"type-post","3":"status-publish","4":"format-standard","6":"category-biologie","7":"category-sciences-sociales","8":"tag-genetique","9":"tag-linguistique"},"jetpack_featured_media_url":"","jetpack_sharing_enabled":true,"post_mailing_queue_ids":[],"_links":{"self":[{"href":"https:\/\/scienceetonnante.com\/blog\/wp-json\/wp\/v2\/posts\/1686","targetHints":{"allow":["GET"]}}],"collection":[{"href":"https:\/\/scienceetonnante.com\/blog\/wp-json\/wp\/v2\/posts"}],"about":[{"href":"https:\/\/scienceetonnante.com\/blog\/wp-json\/wp\/v2\/types\/post"}],"author":[{"embeddable":true,"href":"https:\/\/scienceetonnante.com\/blog\/wp-json\/wp\/v2\/users\/1"}],"replies":[{"embeddable":true,"href":"https:\/\/scienceetonnante.com\/blog\/wp-json\/wp\/v2\/comments?post=1686"}],"version-history":[{"count":0,"href":"https:\/\/scienceetonnante.com\/blog\/wp-json\/wp\/v2\/posts\/1686\/revisions"}],"wp:attachment":[{"href":"https:\/\/scienceetonnante.com\/blog\/wp-json\/wp\/v2\/media?parent=1686"}],"wp:term":[{"taxonomy":"category","embeddable":true,"href":"https:\/\/scienceetonnante.com\/blog\/wp-json\/wp\/v2\/categories?post=1686"},{"taxonomy":"post_tag","embeddable":true,"href":"https:\/\/scienceetonnante.com\/blog\/wp-json\/wp\/v2\/tags?post=1686"}],"curies":[{"name":"wp","href":"https:\/\/api.w.org\/{rel}","templated":true}]}}