{"id":1006,"date":"2011-02-28T06:03:17","date_gmt":"2011-02-28T05:03:17","guid":{"rendered":"http:\/\/sciencetonnante.wordpress.com\/?p=1006"},"modified":"2011-02-28T06:03:17","modified_gmt":"2011-02-28T05:03:17","slug":"les-cycles-de-milankovitch","status":"publish","type":"post","link":"https:\/\/scienceetonnante.com\/blog\/2011\/02\/28\/les-cycles-de-milankovitch\/","title":{"rendered":"Les cycles de Milankovitch"},"content":{"rendered":"<p style=\"text-align:justify;\"><a href=\"https:\/\/scienceetonnante.com\/blog\/wp-content\/uploads\/2011\/02\/milan_milla-1.jpg\"><img decoding=\"async\" class=\"alignleft size-medium wp-image-1015 lazyload\" title=\"milan_milla\" data-src=\"https:\/\/scienceetonnante.com\/blog\/wp-content\/uploads\/2011\/02\/milan_milla-1.jpg?w=300\" alt=\"\" width=\"216\" height=\"116\" data-srcset=\"https:\/\/scienceetonnante.com\/blog\/wp-content\/uploads\/2011\/02\/milan_milla-1.jpg 326w, https:\/\/scienceetonnante.com\/blog\/wp-content\/uploads\/2011\/02\/milan_milla-1-300x162.jpg 300w\" data-sizes=\"(max-width: 216px) 100vw, 216px\" src=\"data:image\/svg+xml;base64,PHN2ZyB3aWR0aD0iMSIgaGVpZ2h0PSIxIiB4bWxucz0iaHR0cDovL3d3dy53My5vcmcvMjAwMC9zdmciPjwvc3ZnPg==\" style=\"--smush-placeholder-width: 216px; --smush-placeholder-aspect-ratio: 216\/116;\" \/><\/a>Eh non, Milankovitch n\u2019est pas le nom de la belle qui tient le premier r\u00f4le dans <em>Le 5<sup>\u00e8me<\/sup> \u00e9l\u00e9ment<\/em> ! Mais celui d\u2019un astronome serbe beaucoup moins sexy, qui, en 1920, conjectura un lien entre d\u2019infimes variations p\u00e9riodiques de l\u2019orbite terrestre, et les changements climatiques qui sont intervenus sur Terre sur des \u00e9chelles de quelques centaines de milliers d&rsquo;ann\u00e9es.<\/p>\n<h3 style=\"text-align:justify;\">Les glaciations du Pl\u00e9istoc\u00e8ne<\/h3>\n<p style=\"text-align:justify;\">La Terre est \u00e2g\u00e9e de 4,5 milliards d\u2019ann\u00e9es, et tout porte \u00e0 croire que son climat a beaucoup chang\u00e9 au cours de son existence. On sait par exemple qu\u2019il y a 750 millions d\u2019ann\u00e9es, notre plan\u00e8te \u00e9tait <strong>totalement recouverte de glace\u00a0des p\u00f4les \u00e0 l\u2019\u00e9quateur<\/strong> ! C\u2019est ce qu\u2019on appelle la glaciation Varanger.<\/p>\n<p style=\"text-align:justify;\">Il n\u2019est pas forc\u00e9ment \u00e9vident de trouver des traces du climat aussi loin dans le temps (la glaciation Varanger est un cas extr\u00eame), mais pour les p\u00e9riodes plus r\u00e9centes, on a pu reconstituer une histoire climatique un peu plus pr\u00e9cise\u00a0: c\u2019est le cas des <strong>glaciations du Pl\u00e9istoc\u00e8ne<\/strong>.<!--more--><\/p>\n<p style=\"text-align:justify;\"><strong>Le Pl\u00e9istoc\u00e8ne<\/strong> est une \u00e8re g\u00e9ologique ayant d\u00e9but\u00e9 il y a (seulement) 2,5 millions d\u2019ann\u00e9es, \u00e0 peu pr\u00e8s en m\u00eame temps que l&rsquo;apparition du genre <em>Homo<\/em>. Au cours de cette \u00e8re, la Terre a connu <strong>une demi-douzaine de glaciations<\/strong>, entrecoup\u00e9es de p\u00e9riodes plus temp\u00e9r\u00e9es. Cette p\u00e9riodicit\u00e9 du climat a laiss\u00e9 de nombreuses traces g\u00e9ologiques, notamment dans les couches s\u00e9dimentaires.<\/p>\n<h3 style=\"text-align:justify;\">La th\u00e9orie de Milankovitch<\/h3>\n<p style=\"text-align:justify;\">De nombreux facteurs peuvent <em>a priori<\/em> expliquer ce caract\u00e8re variable et p\u00e9riodique du climat terrestre\u00a0: une variation de l\u2019activit\u00e9 solaire, ou une \u00e9volution de la quantit\u00e9 de poussi\u00e8res atmosph\u00e9riques ou interstellaires, ou bien des modifications de la teneur en dioxyde de carbone, ou encore des \u00e9volutions de l\u2019activit\u00e9 oc\u00e9anique, etc.<\/p>\n<p style=\"text-align:justify;\">Entre 1920 et 1941, l\u2019astronome serbe <strong>Milutin Milankovitch<\/strong> a formul\u00e9 une th\u00e9orie cherchant \u00e0 expliquer les glaciations du Pl\u00e9istoc\u00e8ne par les variations p\u00e9riodiques subtiles que subit l\u2019orbite terrestre. En effet \u00e0 cause de l&rsquo;influence des autres plan\u00e8tes, l&rsquo;orbite de la Terre autour du Soleil n&rsquo;est pas parfaitement r\u00e9guli\u00e8re. Or <strong>de petites variations de cette orbite peuvent affecter la quantit\u00e9 et la r\u00e9partition de l&rsquo;\u00e9nergie solaire re\u00e7ue par la Terre, et donc son climat<\/strong>.<\/p>\n<p style=\"text-align:justify;\">La premi\u00e8re cause de variation vient du fait que la Terre ne d\u00e9crit pas autour du Soleil une orbite parfaitement circulaire, mais tr\u00e8s l\u00e9g\u00e8rement elliptique. Le degr\u00e9 d\u2019ellipticit\u00e9 de la trajectoire se mesure par une quantit\u00e9 g\u00e9om\u00e9trique appel\u00e9e <strong>excentricit\u00e9<\/strong>. Pour une trajectoire circulaire, l\u2019excentricit\u00e9 vaut 0, pour une trajectoire tr\u00e8s elliptique, elle est proche de 1.<\/p>\n<p style=\"text-align:justify;\">Celle de la Terre\u00a0 est tr\u00e8s proche d&rsquo;\u00eatre circulaire, mais son excentricit\u00e9 varie p\u00e9riodiquement entre 0,005 et 0,058.\u00a0 Ca n\u2019est pas grand-chose mais cela change l\u00e9g\u00e8rement la distance entre la Terre et le Soleil aux diff\u00e9rentes saisons pour les deux h\u00e9misph\u00e8res. Milankovitch avait calcul\u00e9 que cette variation se produisait avec des <strong>cycles d&rsquo;oscillation d\u2019environ 100\u00a0000 ans<\/strong>.<\/p>\n<p style=\"text-align:justify;\"><a href=\"https:\/\/scienceetonnante.com\/blog\/wp-content\/uploads\/2011\/02\/nasa-1.jpg\"><img decoding=\"async\" class=\"aligncenter size-full wp-image-1007 lazyload\" title=\"NASA\" data-src=\"https:\/\/scienceetonnante.com\/blog\/wp-content\/uploads\/2011\/02\/nasa-1.jpg\" alt=\"\" width=\"600\" height=\"227\" data-srcset=\"https:\/\/scienceetonnante.com\/blog\/wp-content\/uploads\/2011\/02\/nasa-1.jpg 600w, https:\/\/scienceetonnante.com\/blog\/wp-content\/uploads\/2011\/02\/nasa-1-300x114.jpg 300w\" data-sizes=\"(max-width: 600px) 100vw, 600px\" src=\"data:image\/svg+xml;base64,PHN2ZyB3aWR0aD0iMSIgaGVpZ2h0PSIxIiB4bWxucz0iaHR0cDovL3d3dy53My5vcmcvMjAwMC9zdmciPjwvc3ZnPg==\" style=\"--smush-placeholder-width: 600px; --smush-placeholder-aspect-ratio: 600\/227;\" \/><\/a><\/p>\n<p style=\"text-align:justify;\">Second facteur\u00a0: comme vous le savez certainement, l\u2019axe de rotation de la Terre sur elle-m\u00eame n\u2019est pas perpendiculaire au plan de l&rsquo;orbite autour du Soleil (ci-dessus \u00e0 gauche). Cette <strong>inclinaison<\/strong> est la cause de l\u2019existence des saisons. Or l&rsquo;angle d&rsquo;inclinaison n\u2019est pas toujours le m\u00eame et varie p\u00e9riodiquement entre 22.1\u00b0 et 24.5\u00b0, et ceci avec un <strong>cycle de 41\u00a0000 ans.<\/strong><\/p>\n<p style=\"text-align:justify;\">Enfin derni\u00e8re subtilit\u00e9, cet axe de rotation est certes inclin\u00e9, mais la direction de cette inclinaison change au cours du temps (ci-dessus \u00e0 droite) : c\u2019est ce qu\u2019on appelle la<strong> pr\u00e9cession<\/strong>. Ce ph\u00e9nom\u00e8ne se produit avec une <strong>p\u00e9riodicit\u00e9 d\u2019environ 21 000 \u00e0 25\u00a0000 ans<\/strong> .<\/p>\n<p style=\"text-align:justify;\"><strong>En somme Milankovitch a identifi\u00e9 trois ph\u00e9nom\u00e8nes astronomiques p\u00e9riodiques pouvant influer sur le climat, et calcul\u00e9 les p\u00e9riodes correspondantes\u00a0: 100\u00a0000, 41\u00a0000 et 25\u00a0000 ans.<\/strong><\/p>\n<h3 style=\"text-align:justify;\">La r\u00e9ponse est dans la carotte<\/h3>\n<p style=\"text-align:justify;\"><a href=\"https:\/\/scienceetonnante.com\/blog\/wp-content\/uploads\/2011\/02\/carotte-1.png\"><img decoding=\"async\" class=\"size-medium wp-image-1008 alignright lazyload\" title=\"carotte\" data-src=\"https:\/\/scienceetonnante.com\/blog\/wp-content\/uploads\/2011\/02\/carotte-1.png?w=300\" alt=\"\" width=\"300\" height=\"263\" data-srcset=\"https:\/\/scienceetonnante.com\/blog\/wp-content\/uploads\/2011\/02\/carotte-1.png 802w, https:\/\/scienceetonnante.com\/blog\/wp-content\/uploads\/2011\/02\/carotte-1-300x263.png 300w, https:\/\/scienceetonnante.com\/blog\/wp-content\/uploads\/2011\/02\/carotte-1-768x674.png 768w\" data-sizes=\"(max-width: 300px) 100vw, 300px\" src=\"data:image\/svg+xml;base64,PHN2ZyB3aWR0aD0iMSIgaGVpZ2h0PSIxIiB4bWxucz0iaHR0cDovL3d3dy53My5vcmcvMjAwMC9zdmciPjwvc3ZnPg==\" style=\"--smush-placeholder-width: 300px; --smush-placeholder-aspect-ratio: 300\/263;\" \/><\/a>Jusqu\u2019en 1976, la th\u00e9orie de Milankovitch n\u2019\u00e9tait qu\u2019<strong>une des nombreuses th\u00e9ories<\/strong> pouvant en principe expliquer la p\u00e9riodicit\u00e9 des glaciations du Pl\u00e9istoc\u00e8ne. Mais cette ann\u00e9e l\u00e0, un papier de J. D. Hays [1] et ses collaborateurs dans <em>Science<\/em> prouva la pertinence des calculs de Milankovitch.<\/p>\n<p style=\"text-align:justify;\">Les auteurs ont analys\u00e9 des carottes d\u2019une dizaine de m\u00e8tres, constitu\u00e9es de s\u00e9diments couvrant environ les 450\u00a0000 derni\u00e8res ann\u00e9es du Pl\u00e9istoc\u00e8ne. Plusieurs marqueurs g\u00e9ologiques contenus dans ces carottes permettent d\u2019obtenir <strong>une courbe repr\u00e9sentative des \u00e9volutions du climat<\/strong> au cours de cette p\u00e9riode.<\/p>\n<p style=\"text-align:justify;\">La figure ci-contre tir\u00e9e de l&rsquo;article montre l&rsquo;\u00e9volution de trois de ces marqueurs pour une des carotte analys\u00e9e. On voit bien intuitivement qu&rsquo;une p\u00e9riodicit\u00e9 existe.<\/p>\n<p style=\"text-align:justify;\">Le r\u00e9sultat spectaculaire est qu&rsquo;en analysant math\u00e9matiquement les p\u00e9riodicit\u00e9s de ces courbes, les auteurs ont pu montrer que<strong> les variations climatiques se sont faites selon 3 oscillations caract\u00e9ristiques\u00a0: environ 100\u00a0000, 42 000 et 23 000 ans. <\/strong><\/p>\n<p style=\"text-align:justify;\">Presque exactement les p\u00e9riodes des cycles calcul\u00e9es par Milankovitch !<\/p>\n<p style=\"text-align:justify;\">Ce dernier avait raison : les glaciations du Pl\u00e9istoc\u00e8ne ont bien leur origine dans les infimes variations p\u00e9riodiques de l\u2019orbite terrestre.<\/p>\n<h3 style=\"text-align:justify;\">Des manifestations vari\u00e9es mais spectaculaires<\/h3>\n<p style=\"text-align:justify;\">Les cons\u00e9quences g\u00e9ologiques des cycles de Milankovitch ne s\u2019expriment pas de mani\u00e8re identique partout. Suivant la latitude, la situation, etc. certaines p\u00e9riodicit\u00e9s peuvent \u00eatre plus apparentes que d\u2019autres. On sait \u00e9galement qu\u2019une p\u00e9riodicit\u00e9 suppl\u00e9mentaire de 400\u00a0000 ans existe pour la variation de l\u2019excentricit\u00e9.<\/p>\n<p style=\"text-align:justify;\"><strong>Une des plus belles manifestations g\u00e9ologiques des cycles de Milankovitch<\/strong> est visible sur la photo ci-dessous. Il s\u2019agit de falaises en Silice, appell\u00e9es <em>Scala dei Turchi<\/em>, et dont les alternances de strates peuvent \u00eatre mises en relation avec la p\u00e9riodicit\u00e9 des cycles de Milankovitch.<\/p>\n<p>Joli, non\u00a0?<\/p>\n<p style=\"text-align:justify;\"><a href=\"https:\/\/scienceetonnante.com\/blog\/wp-content\/uploads\/2011\/02\/scala-dei-turchi1-1.jpg\"><img decoding=\"async\" class=\"aligncenter size-full wp-image-1026 lazyload\" title=\"scala-dei-turchi\" data-src=\"https:\/\/scienceetonnante.com\/blog\/wp-content\/uploads\/2011\/02\/scala-dei-turchi1-1.jpg\" alt=\"\" width=\"550\" height=\"412\" data-srcset=\"https:\/\/scienceetonnante.com\/blog\/wp-content\/uploads\/2011\/02\/scala-dei-turchi1-1.jpg 550w, https:\/\/scienceetonnante.com\/blog\/wp-content\/uploads\/2011\/02\/scala-dei-turchi1-1-300x225.jpg 300w\" data-sizes=\"(max-width: 550px) 100vw, 550px\" src=\"data:image\/svg+xml;base64,PHN2ZyB3aWR0aD0iMSIgaGVpZ2h0PSIxIiB4bWxucz0iaHR0cDovL3d3dy53My5vcmcvMjAwMC9zdmciPjwvc3ZnPg==\" style=\"--smush-placeholder-width: 550px; --smush-placeholder-aspect-ratio: 550\/412;\" \/><\/a><\/p>\n<p>Vous pouvez aussi aller voir cette tr\u00e8s jolie <a href=\"http:\/\/www.flickr.com\/photos\/luca_m\/2455276744\/\" target=\"_blank\" rel=\"noopener\">s\u00e9rie de photo<\/a>.<\/p>\n<p style=\"text-align:justify;\"><em>\u00c9videmment comme tout ce qui a trait au climat et \u00e0 ses variations, le pauvre Milankovitch a \u00e9t\u00e9 r\u00e9cemment appel\u00e9 au coeur du d\u00e9bat sur le r\u00e9chauffement climatique, mais c&rsquo;est une autre histoire&#8230;<\/em><\/p>\n<p style=\"text-align:justify;\"><a href=\"http:\/\/earthobservatory.nasa.gov\/Features\/Milankovitch\/milankovitch_2.php\" target=\"_blank\" rel=\"noopener\">Le site de la NASA<\/a> dont j&rsquo;ai extrait les images d&rsquo;inclinaison et de pr\u00e9cession<\/p>\n<p style=\"text-align:justify;\">[1] <a href=\"http:\/\/www.mantleplumes.org\/WebDocuments\/Hays1976.pdf\" target=\"_blank\" rel=\"noopener\">Le papier Hays et al. en 1976 <\/a><\/p>\n<p style=\"text-align:justify;\">&nbsp;<\/p>\n<p style=\"text-align:justify;\"><cite><br \/>\n<\/cite><\/p>\n","protected":false},"excerpt":{"rendered":"<p>Eh non, Milankovitch n\u2019est pas le nom de la belle qui tient le premier r\u00f4le dans Le 5\u00e8me \u00e9l\u00e9ment ! Mais celui d\u2019un astronome serbe beaucoup moins sexy, qui, en 1920, conjectura un lien entre d\u2019infimes variations p\u00e9riodiques de l\u2019orbite terrestre, et les changements climatiques qui sont intervenus sur Terre sur des \u00e9chelles de quelques<\/p>\n","protected":false},"author":1,"featured_media":0,"comment_status":"open","ping_status":"open","sticky":false,"template":"","format":"standard","meta":{"jetpack_post_was_ever_published":false,"_jetpack_newsletter_access":"","_jetpack_dont_email_post_to_subs":false,"_jetpack_newsletter_tier_id":0,"_jetpack_memberships_contains_paywalled_content":false,"_jetpack_memberships_contains_paid_content":false,"footnotes":""},"categories":[6],"tags":[40,41,37],"class_list":{"0":"post-1006","1":"post","2":"type-post","3":"status-publish","4":"format-standard","6":"category-physique","7":"tag-astronomie","8":"tag-climat","9":"tag-geologie"},"jetpack_featured_media_url":"","jetpack_sharing_enabled":true,"post_mailing_queue_ids":[],"_links":{"self":[{"href":"https:\/\/scienceetonnante.com\/blog\/wp-json\/wp\/v2\/posts\/1006","targetHints":{"allow":["GET"]}}],"collection":[{"href":"https:\/\/scienceetonnante.com\/blog\/wp-json\/wp\/v2\/posts"}],"about":[{"href":"https:\/\/scienceetonnante.com\/blog\/wp-json\/wp\/v2\/types\/post"}],"author":[{"embeddable":true,"href":"https:\/\/scienceetonnante.com\/blog\/wp-json\/wp\/v2\/users\/1"}],"replies":[{"embeddable":true,"href":"https:\/\/scienceetonnante.com\/blog\/wp-json\/wp\/v2\/comments?post=1006"}],"version-history":[{"count":0,"href":"https:\/\/scienceetonnante.com\/blog\/wp-json\/wp\/v2\/posts\/1006\/revisions"}],"wp:attachment":[{"href":"https:\/\/scienceetonnante.com\/blog\/wp-json\/wp\/v2\/media?parent=1006"}],"wp:term":[{"taxonomy":"category","embeddable":true,"href":"https:\/\/scienceetonnante.com\/blog\/wp-json\/wp\/v2\/categories?post=1006"},{"taxonomy":"post_tag","embeddable":true,"href":"https:\/\/scienceetonnante.com\/blog\/wp-json\/wp\/v2\/tags?post=1006"}],"curies":[{"name":"wp","href":"https:\/\/api.w.org\/{rel}","templated":true}]}}